{"id":30954,"date":"2023-03-27T12:46:46","date_gmt":"2023-03-27T10:46:46","guid":{"rendered":"https:\/\/www.bawer.it\/installation-a-la-bibliotheque-municipale-dalberobello\/"},"modified":"2023-03-27T12:46:46","modified_gmt":"2023-03-27T10:46:46","slug":"installation-a-la-bibliotheque-municipale-dalberobello","status":"publish","type":"post","link":"https:\/\/www.bawer.it\/fr\/installation-a-la-bibliotheque-municipale-dalberobello\/","title":{"rendered":"Installation \u00e0 la biblioth\u00e8que municipale d&rsquo;Alberobello"},"content":{"rendered":"<div class=\"js-split-text\"><p class=\"js-animated-text--no-animate\">Le projet propos\u00e9 pr\u00e9voit la cr\u00e9ation d&rsquo;espaces de biblioth\u00e8que, \u00e9quip\u00e9s de mobilier tels que des tables carr\u00e9es, rectangulaires et rondes avec des \u00e9l\u00e9ments en bois et en m\u00e9tal, des tables de salle de jeux, des bureaux, des postes de travail d&rsquo;angle sur mesure, des chaises en bois avec des pieds en m\u00e9tal, des tabourets en bois et en m\u00e9tal, des chaises de salle de conf\u00e9rence ex\u00e9cutives, des chaises de lecture, des bancs \u00e0 dossier bas avec coussins, des bancs avec des pieds chrom\u00e9s, des bancs-lits avec des cadres en tube d&rsquo;acier chrom\u00e9 et des meubles d&rsquo;ext\u00e9rieur en m\u00e9tal avec des si\u00e8ges en bois. Quant \u00e0 l&rsquo;ameublement int\u00e9rieur plus grand, des biblioth\u00e8ques ouvertes en bois avec divers compartiments et des porte-revues en m\u00e9tal ont \u00e9t\u00e9 pr\u00e9vus.<\/p><\/div>\n<div class=\"js-split-text\"><p class=\"js-animated-text--no-animate\">Le projet comprenait \u00e9galement l&rsquo;installation de panneaux muraux mono-mat\u00e9riaux insonorisants et d&rsquo;un \u00e9clairage LED avec panneaux insonorisants appliqu\u00e9s. Concernant les comptoirs, plusieurs types ont \u00e9t\u00e9 install\u00e9s, dont : comptoir d&rsquo;information, comptoir bar compos\u00e9 d&rsquo;un comptoir gourmand chaud, comptoir gourmand r\u00e9frig\u00e9r\u00e9, comptoir bar r\u00e9frig\u00e9r\u00e9 en acier inoxydable et comptoir billetterie\/librairie sur mesure.<\/p><\/div>\n<div class=\"js-split-text\"><p class=\"js-animated-text--no-animate\">Cette installation a contribu\u00e9 \u00e0 cr\u00e9er un espace physique capable d&rsquo;activer et de fournir des services innovants qui facilitent l&rsquo;utilisation de la collection de la biblioth\u00e8que, la connaissance et l&rsquo;accessibilit\u00e9 du patrimoine historique et culturel et des traditions locales, en accordant une attention particuli\u00e8re aux familles, aux jeunes et aux utilisateurs les plus vuln\u00e9rables.<\/p><\/div>\n","protected":false},"excerpt":{"rendered":"<p>Le projet propos\u00e9 pr\u00e9voit la cr\u00e9ation d&rsquo;espaces de biblioth\u00e8que, \u00e9quip\u00e9s de mobilier tels que des tables carr\u00e9es, rectangulaires et rondes avec des \u00e9l\u00e9ments en bois et en m\u00e9tal, des tables de salle de jeux, des bureaux, des postes de travail d&rsquo;angle sur mesure, des chaises en bois avec des pieds en m\u00e9tal, des tabourets en [&hellip;]<\/p>\n","protected":false},"author":3,"featured_media":34727,"comment_status":"closed","ping_status":"closed","sticky":false,"template":"","format":"standard","meta":{"_acf_changed":false,"inline_featured_image":false,"footnotes":""},"categories":[134],"tags":[],"class_list":["post-30954","post","type-post","status-publish","format-standard","has-post-thumbnail","hentry","category-musee"],"acf":[],"yoast_head":"<!-- This site is optimized with the Yoast SEO plugin v27.0 - https:\/\/yoast.com\/product\/yoast-seo-wordpress\/ -->\n<title>Installation \u00e0 la biblioth\u00e8que municipale d&#039;Alberobello &#8212; Bawer<\/title>\n<meta name=\"robots\" content=\"index, follow, max-snippet:-1, max-image-preview:large, max-video-preview:-1\" \/>\n<link rel=\"canonical\" href=\"https:\/\/www.bawer.it\/fr\/installation-a-la-bibliotheque-municipale-dalberobello\/\" \/>\n<meta property=\"og:locale\" content=\"fr_FR\" \/>\n<meta property=\"og:type\" content=\"article\" \/>\n<meta property=\"og:title\" content=\"Installation \u00e0 la biblioth\u00e8que municipale d&#039;Alberobello &#8212; Bawer\" \/>\n<meta property=\"og:description\" content=\"Le projet propos\u00e9 pr\u00e9voit la cr\u00e9ation d&rsquo;espaces de biblioth\u00e8que, \u00e9quip\u00e9s de mobilier tels que des tables carr\u00e9es, rectangulaires et rondes avec des \u00e9l\u00e9ments en bois et en m\u00e9tal, des tables de salle de jeux, des bureaux, des postes de travail d&rsquo;angle sur mesure, des chaises en bois avec des pieds en m\u00e9tal, des tabourets en [&hellip;]\" \/>\n<meta property=\"og:url\" content=\"https:\/\/www.bawer.it\/fr\/installation-a-la-bibliotheque-municipale-dalberobello\/\" \/>\n<meta property=\"og:site_name\" content=\"Bawer\" \/>\n<meta property=\"article:publisher\" content=\"https:\/\/www.facebook.com\/Bawerspa1\" \/>\n<meta property=\"article:published_time\" content=\"2023-03-27T10:46:46+00:00\" \/>\n<meta property=\"og:image\" content=\"https:\/\/www.bawer.it\/wp-content\/uploads\/2023\/03\/Unknown-2-e1713368343209.png\" \/>\n\t<meta property=\"og:image:width\" content=\"600\" \/>\n\t<meta property=\"og:image:height\" content=\"507\" \/>\n\t<meta property=\"og:image:type\" content=\"image\/png\" \/>\n<meta name=\"author\" content=\"bawer\" \/>\n<meta name=\"twitter:card\" content=\"summary_large_image\" \/>\n<meta name=\"twitter:label1\" content=\"\u00c9crit par\" \/>\n\t<meta name=\"twitter:data1\" content=\"bawer\" \/>\n\t<meta name=\"twitter:label2\" content=\"Dur\u00e9e de lecture estim\u00e9e\" \/>\n\t<meta name=\"twitter:data2\" content=\"1 minute\" \/>\n<script type=\"application\/ld+json\" class=\"yoast-schema-graph\">{\"@context\":\"https:\/\/schema.org\",\"@graph\":[{\"@type\":\"Article\",\"@id\":\"https:\/\/www.bawer.it\/fr\/installation-a-la-bibliotheque-municipale-dalberobello\/#article\",\"isPartOf\":{\"@id\":\"https:\/\/www.bawer.it\/fr\/installation-a-la-bibliotheque-municipale-dalberobello\/\"},\"author\":{\"name\":\"bawer\",\"@id\":\"https:\/\/www.bawer.it\/#\/schema\/person\/8098359ad3f3d974726cb95dfbdcd7d2\"},\"headline\":\"Installation \u00e0 la biblioth\u00e8que municipale d&rsquo;Alberobello\",\"datePublished\":\"2023-03-27T10:46:46+00:00\",\"mainEntityOfPage\":{\"@id\":\"https:\/\/www.bawer.it\/fr\/installation-a-la-bibliotheque-municipale-dalberobello\/\"},\"wordCount\":276,\"publisher\":{\"@id\":\"https:\/\/www.bawer.it\/#organization\"},\"image\":{\"@id\":\"https:\/\/www.bawer.it\/fr\/installation-a-la-bibliotheque-municipale-dalberobello\/#primaryimage\"},\"thumbnailUrl\":\"https:\/\/www.bawer.it\/wp-content\/uploads\/2023\/03\/Unknown-2-e1713368343209.png\",\"articleSection\":[\"Mus\u00e9e\"],\"inLanguage\":\"fr-FR\"},{\"@type\":\"WebPage\",\"@id\":\"https:\/\/www.bawer.it\/fr\/installation-a-la-bibliotheque-municipale-dalberobello\/\",\"url\":\"https:\/\/www.bawer.it\/fr\/installation-a-la-bibliotheque-municipale-dalberobello\/\",\"name\":\"Installation \u00e0 la biblioth\u00e8que municipale d'Alberobello &#8212; Bawer\",\"isPartOf\":{\"@id\":\"https:\/\/www.bawer.it\/#website\"},\"primaryImageOfPage\":{\"@id\":\"https:\/\/www.bawer.it\/fr\/installation-a-la-bibliotheque-municipale-dalberobello\/#primaryimage\"},\"image\":{\"@id\":\"https:\/\/www.bawer.it\/fr\/installation-a-la-bibliotheque-municipale-dalberobello\/#primaryimage\"},\"thumbnailUrl\":\"https:\/\/www.bawer.it\/wp-content\/uploads\/2023\/03\/Unknown-2-e1713368343209.png\",\"datePublished\":\"2023-03-27T10:46:46+00:00\",\"breadcrumb\":{\"@id\":\"https:\/\/www.bawer.it\/fr\/installation-a-la-bibliotheque-municipale-dalberobello\/#breadcrumb\"},\"inLanguage\":\"fr-FR\",\"potentialAction\":[{\"@type\":\"ReadAction\",\"target\":[\"https:\/\/www.bawer.it\/fr\/installation-a-la-bibliotheque-municipale-dalberobello\/\"]}]},{\"@type\":\"ImageObject\",\"inLanguage\":\"fr-FR\",\"@id\":\"https:\/\/www.bawer.it\/fr\/installation-a-la-bibliotheque-municipale-dalberobello\/#primaryimage\",\"url\":\"https:\/\/www.bawer.it\/wp-content\/uploads\/2023\/03\/Unknown-2-e1713368343209.png\",\"contentUrl\":\"https:\/\/www.bawer.it\/wp-content\/uploads\/2023\/03\/Unknown-2-e1713368343209.png\",\"width\":600,\"height\":507},{\"@type\":\"BreadcrumbList\",\"@id\":\"https:\/\/www.bawer.it\/fr\/installation-a-la-bibliotheque-municipale-dalberobello\/#breadcrumb\",\"itemListElement\":[{\"@type\":\"ListItem\",\"position\":1,\"name\":\"Home\",\"item\":\"https:\/\/www.bawer.it\/fr\/\"},{\"@type\":\"ListItem\",\"position\":2,\"name\":\"Installation \u00e0 la biblioth\u00e8que municipale d&#8217;Alberobello\"}]},{\"@type\":\"WebSite\",\"@id\":\"https:\/\/www.bawer.it\/#website\",\"url\":\"https:\/\/www.bawer.it\/\",\"name\":\"Bawer\",\"description\":\"Con\u00e7oit et fabrique des produits pour les industries automobile, m\u00e9dicale et mus\u00e9ale.\",\"publisher\":{\"@id\":\"https:\/\/www.bawer.it\/#organization\"},\"potentialAction\":[{\"@type\":\"SearchAction\",\"target\":{\"@type\":\"EntryPoint\",\"urlTemplate\":\"https:\/\/www.bawer.it\/?s={search_term_string}\"},\"query-input\":{\"@type\":\"PropertyValueSpecification\",\"valueRequired\":true,\"valueName\":\"search_term_string\"}}],\"inLanguage\":\"fr-FR\"},{\"@type\":\"Organization\",\"@id\":\"https:\/\/www.bawer.it\/#organization\",\"name\":\"Bawer\",\"url\":\"https:\/\/www.bawer.it\/\",\"logo\":{\"@type\":\"ImageObject\",\"inLanguage\":\"fr-FR\",\"@id\":\"https:\/\/www.bawer.it\/#\/schema\/logo\/image\/\",\"url\":\"https:\/\/www.bawer.it\/wp-content\/uploads\/2025\/07\/bw-scaled.jpg\",\"contentUrl\":\"https:\/\/www.bawer.it\/wp-content\/uploads\/2025\/07\/bw-scaled.jpg\",\"width\":2560,\"height\":1344,\"caption\":\"Bawer\"},\"image\":{\"@id\":\"https:\/\/www.bawer.it\/#\/schema\/logo\/image\/\"},\"sameAs\":[\"https:\/\/www.facebook.com\/Bawerspa1\",\"https:\/\/linkedin.com\/company\/bawer-s.p.a.\",\"https:\/\/www.youtube.com\/channel\/UCpKl8FsDknpPLOWyf3hA0IA\",\"https:\/\/www.instagram.com\/bawer_spa\/\"]},{\"@type\":\"Person\",\"@id\":\"https:\/\/www.bawer.it\/#\/schema\/person\/8098359ad3f3d974726cb95dfbdcd7d2\",\"name\":\"bawer\",\"image\":{\"@type\":\"ImageObject\",\"inLanguage\":\"fr-FR\",\"@id\":\"https:\/\/www.bawer.it\/#\/schema\/person\/image\/\",\"url\":\"https:\/\/secure.gravatar.com\/avatar\/2502928e376a5893da289554313161e4f4ae114a6d42c9df34e228ae704c464f?s=96&d=mm&r=g\",\"contentUrl\":\"https:\/\/secure.gravatar.com\/avatar\/2502928e376a5893da289554313161e4f4ae114a6d42c9df34e228ae704c464f?s=96&d=mm&r=g\",\"caption\":\"bawer\"}}]}<\/script>\n<!-- \/ Yoast SEO plugin. -->","yoast_head_json":{"title":"Installation \u00e0 la biblioth\u00e8que municipale d'Alberobello &#8212; Bawer","robots":{"index":"index","follow":"follow","max-snippet":"max-snippet:-1","max-image-preview":"max-image-preview:large","max-video-preview":"max-video-preview:-1"},"canonical":"https:\/\/www.bawer.it\/fr\/installation-a-la-bibliotheque-municipale-dalberobello\/","og_locale":"fr_FR","og_type":"article","og_title":"Installation \u00e0 la biblioth\u00e8que municipale d'Alberobello &#8212; Bawer","og_description":"Le projet propos\u00e9 pr\u00e9voit la cr\u00e9ation d&rsquo;espaces de biblioth\u00e8que, \u00e9quip\u00e9s de mobilier tels que des tables carr\u00e9es, rectangulaires et rondes avec des \u00e9l\u00e9ments en bois et en m\u00e9tal, des tables de salle de jeux, des bureaux, des postes de travail d&rsquo;angle sur mesure, des chaises en bois avec des pieds en m\u00e9tal, des tabourets en [&hellip;]","og_url":"https:\/\/www.bawer.it\/fr\/installation-a-la-bibliotheque-municipale-dalberobello\/","og_site_name":"Bawer","article_publisher":"https:\/\/www.facebook.com\/Bawerspa1","article_published_time":"2023-03-27T10:46:46+00:00","og_image":[{"width":600,"height":507,"url":"https:\/\/www.bawer.it\/wp-content\/uploads\/2023\/03\/Unknown-2-e1713368343209.png","type":"image\/png"}],"author":"bawer","twitter_card":"summary_large_image","twitter_misc":{"\u00c9crit par":"bawer","Dur\u00e9e de lecture estim\u00e9e":"1 minute"},"schema":{"@context":"https:\/\/schema.org","@graph":[{"@type":"Article","@id":"https:\/\/www.bawer.it\/fr\/installation-a-la-bibliotheque-municipale-dalberobello\/#article","isPartOf":{"@id":"https:\/\/www.bawer.it\/fr\/installation-a-la-bibliotheque-municipale-dalberobello\/"},"author":{"name":"bawer","@id":"https:\/\/www.bawer.it\/#\/schema\/person\/8098359ad3f3d974726cb95dfbdcd7d2"},"headline":"Installation \u00e0 la biblioth\u00e8que municipale d&rsquo;Alberobello","datePublished":"2023-03-27T10:46:46+00:00","mainEntityOfPage":{"@id":"https:\/\/www.bawer.it\/fr\/installation-a-la-bibliotheque-municipale-dalberobello\/"},"wordCount":276,"publisher":{"@id":"https:\/\/www.bawer.it\/#organization"},"image":{"@id":"https:\/\/www.bawer.it\/fr\/installation-a-la-bibliotheque-municipale-dalberobello\/#primaryimage"},"thumbnailUrl":"https:\/\/www.bawer.it\/wp-content\/uploads\/2023\/03\/Unknown-2-e1713368343209.png","articleSection":["Mus\u00e9e"],"inLanguage":"fr-FR"},{"@type":"WebPage","@id":"https:\/\/www.bawer.it\/fr\/installation-a-la-bibliotheque-municipale-dalberobello\/","url":"https:\/\/www.bawer.it\/fr\/installation-a-la-bibliotheque-municipale-dalberobello\/","name":"Installation \u00e0 la biblioth\u00e8que municipale d'Alberobello &#8212; Bawer","isPartOf":{"@id":"https:\/\/www.bawer.it\/#website"},"primaryImageOfPage":{"@id":"https:\/\/www.bawer.it\/fr\/installation-a-la-bibliotheque-municipale-dalberobello\/#primaryimage"},"image":{"@id":"https:\/\/www.bawer.it\/fr\/installation-a-la-bibliotheque-municipale-dalberobello\/#primaryimage"},"thumbnailUrl":"https:\/\/www.bawer.it\/wp-content\/uploads\/2023\/03\/Unknown-2-e1713368343209.png","datePublished":"2023-03-27T10:46:46+00:00","breadcrumb":{"@id":"https:\/\/www.bawer.it\/fr\/installation-a-la-bibliotheque-municipale-dalberobello\/#breadcrumb"},"inLanguage":"fr-FR","potentialAction":[{"@type":"ReadAction","target":["https:\/\/www.bawer.it\/fr\/installation-a-la-bibliotheque-municipale-dalberobello\/"]}]},{"@type":"ImageObject","inLanguage":"fr-FR","@id":"https:\/\/www.bawer.it\/fr\/installation-a-la-bibliotheque-municipale-dalberobello\/#primaryimage","url":"https:\/\/www.bawer.it\/wp-content\/uploads\/2023\/03\/Unknown-2-e1713368343209.png","contentUrl":"https:\/\/www.bawer.it\/wp-content\/uploads\/2023\/03\/Unknown-2-e1713368343209.png","width":600,"height":507},{"@type":"BreadcrumbList","@id":"https:\/\/www.bawer.it\/fr\/installation-a-la-bibliotheque-municipale-dalberobello\/#breadcrumb","itemListElement":[{"@type":"ListItem","position":1,"name":"Home","item":"https:\/\/www.bawer.it\/fr\/"},{"@type":"ListItem","position":2,"name":"Installation \u00e0 la biblioth\u00e8que municipale d&#8217;Alberobello"}]},{"@type":"WebSite","@id":"https:\/\/www.bawer.it\/#website","url":"https:\/\/www.bawer.it\/","name":"Bawer","description":"Con\u00e7oit et fabrique des produits pour les industries automobile, m\u00e9dicale et mus\u00e9ale.","publisher":{"@id":"https:\/\/www.bawer.it\/#organization"},"potentialAction":[{"@type":"SearchAction","target":{"@type":"EntryPoint","urlTemplate":"https:\/\/www.bawer.it\/?s={search_term_string}"},"query-input":{"@type":"PropertyValueSpecification","valueRequired":true,"valueName":"search_term_string"}}],"inLanguage":"fr-FR"},{"@type":"Organization","@id":"https:\/\/www.bawer.it\/#organization","name":"Bawer","url":"https:\/\/www.bawer.it\/","logo":{"@type":"ImageObject","inLanguage":"fr-FR","@id":"https:\/\/www.bawer.it\/#\/schema\/logo\/image\/","url":"https:\/\/www.bawer.it\/wp-content\/uploads\/2025\/07\/bw-scaled.jpg","contentUrl":"https:\/\/www.bawer.it\/wp-content\/uploads\/2025\/07\/bw-scaled.jpg","width":2560,"height":1344,"caption":"Bawer"},"image":{"@id":"https:\/\/www.bawer.it\/#\/schema\/logo\/image\/"},"sameAs":["https:\/\/www.facebook.com\/Bawerspa1","https:\/\/linkedin.com\/company\/bawer-s.p.a.","https:\/\/www.youtube.com\/channel\/UCpKl8FsDknpPLOWyf3hA0IA","https:\/\/www.instagram.com\/bawer_spa\/"]},{"@type":"Person","@id":"https:\/\/www.bawer.it\/#\/schema\/person\/8098359ad3f3d974726cb95dfbdcd7d2","name":"bawer","image":{"@type":"ImageObject","inLanguage":"fr-FR","@id":"https:\/\/www.bawer.it\/#\/schema\/person\/image\/","url":"https:\/\/secure.gravatar.com\/avatar\/2502928e376a5893da289554313161e4f4ae114a6d42c9df34e228ae704c464f?s=96&d=mm&r=g","contentUrl":"https:\/\/secure.gravatar.com\/avatar\/2502928e376a5893da289554313161e4f4ae114a6d42c9df34e228ae704c464f?s=96&d=mm&r=g","caption":"bawer"}}]}},"_links":{"self":[{"href":"https:\/\/www.bawer.it\/fr\/wp-json\/wp\/v2\/posts\/30954","targetHints":{"allow":["GET"]}}],"collection":[{"href":"https:\/\/www.bawer.it\/fr\/wp-json\/wp\/v2\/posts"}],"about":[{"href":"https:\/\/www.bawer.it\/fr\/wp-json\/wp\/v2\/types\/post"}],"author":[{"embeddable":true,"href":"https:\/\/www.bawer.it\/fr\/wp-json\/wp\/v2\/users\/3"}],"replies":[{"embeddable":true,"href":"https:\/\/www.bawer.it\/fr\/wp-json\/wp\/v2\/comments?post=30954"}],"version-history":[{"count":0,"href":"https:\/\/www.bawer.it\/fr\/wp-json\/wp\/v2\/posts\/30954\/revisions"}],"wp:featuredmedia":[{"embeddable":true,"href":"https:\/\/www.bawer.it\/fr\/wp-json\/wp\/v2\/media\/34727"}],"wp:attachment":[{"href":"https:\/\/www.bawer.it\/fr\/wp-json\/wp\/v2\/media?parent=30954"}],"wp:term":[{"taxonomy":"category","embeddable":true,"href":"https:\/\/www.bawer.it\/fr\/wp-json\/wp\/v2\/categories?post=30954"},{"taxonomy":"post_tag","embeddable":true,"href":"https:\/\/www.bawer.it\/fr\/wp-json\/wp\/v2\/tags?post=30954"}],"curies":[{"name":"wp","href":"https:\/\/api.w.org\/{rel}","templated":true}]}}