{"id":30502,"date":"2023-03-27T11:49:01","date_gmt":"2023-03-27T09:49:01","guid":{"rendered":"https:\/\/www.bawer.it\/nouvelle-exposition-musee-maritime-de-trieste\/"},"modified":"2023-03-27T11:49:01","modified_gmt":"2023-03-27T09:49:01","slug":"nouvelle-exposition-musee-maritime-de-trieste","status":"publish","type":"post","link":"https:\/\/www.bawer.it\/fr\/nouvelle-exposition-musee-maritime-de-trieste\/","title":{"rendered":"Nouvelle exposition : Mus\u00e9e maritime de Trieste"},"content":{"rendered":"<div class=\"js-split-text\"><p class=\"js-animated-text--no-animate\">La division du mus\u00e9e Bawer est toujours le protagoniste.<\/p><\/div>\n<div class=\"js-split-text\"><p class=\"js-animated-text--no-animate\">Prot\u00e9ger la vaste collection d\u2019objets qui racontent l\u2019histoire d\u2019une ville portuaire et sa relation avec la mer tout en assurant leur s\u00e9curit\u00e9 sera l\u2019une des t\u00e2ches les plus d\u00e9licates \u00e0 accomplir.<\/p><\/div>\n<div class=\"js-split-text\"><p class=\"js-animated-text--no-animate\">L&rsquo;exposition sera compos\u00e9e de caisses en bois de diff\u00e9rents types (avec des cloches en verre, des couvercles en verre et des c\u00f4t\u00e9s en verre) qui pr\u00e9senteront des objets racontant l&rsquo;histoire d&rsquo;une ville portuaire et sa relation avec la mer.<\/p><\/div>\n<div class=\"js-split-text\"><p class=\"js-animated-text--no-animate\">En outre, le mus\u00e9e Bawer sera \u00e9galement responsable de l&rsquo;ensemble du syst\u00e8me d&rsquo;\u00e9clairage int\u00e9rieur, du multim\u00e9dia et d&rsquo;autres travaux de construction.<\/p><\/div>\n<div class=\"js-split-text\"><p class=\"js-animated-text--no-animate\">\u00c0 partir du 3 mars, nous serons dans la splendide ville de Trieste avec pour objectif de restituer le plus rapidement possible le Mus\u00e9e Maritime aux citoyens.<\/p><\/div>\n<div class=\"js-split-text\"><p class=\"js-animated-text--no-animate\"><a href=\"https:\/\/www.linkedin.com\/feed\/hashtag\/?keywords=bawer&amp;highlightedUpdateUrns=urn%3Ali%3Aactivity%3A7041785123666599936\" data-attribute-index=\"0\">#bawer<\/a> <a href=\"https:\/\/www.linkedin.com\/feed\/hashtag\/?keywords=bawermuseum&amp;highlightedUpdateUrns=urn%3Ali%3Aactivity%3A7041785123666599936\" data-attribute-index=\"1\">#bawermuseum<\/a> <a href=\"https:\/\/www.linkedin.com\/feed\/hashtag\/?keywords=museum&amp;highlightedUpdateUrns=urn%3Ali%3Aactivity%3A7041785123666599936\" data-attribute-index=\"2\">#museum<\/a> <a href=\"https:\/\/www.linkedin.com\/feed\/hashtag\/?keywords=italy&amp;highlightedUpdateUrns=urn%3Ali%3Aactivity%3A7041785123666599936\" data-attribute-index=\"3\">#italie<\/a> <a href=\"https:\/\/www.linkedin.com\/feed\/hashtag\/?keywords=art&amp;highlightedUpdateUrns=urn%3Ali%3Aactivity%3A7041785123666599936\" data-attribute-index=\"4\">#art<\/a> <a href=\"https:\/\/www.linkedin.com\/feed\/hashtag\/?keywords=trieste&amp;highlightedUpdateUrns=urn%3Ali%3Aactivity%3A7041785123666599936\" data-attribute-index=\"5\">#trieste<\/a> <a href=\"https:\/\/www.linkedin.com\/feed\/hashtag\/?keywords=edilizia&amp;highlightedUpdateUrns=urn%3Ali%3Aactivity%3A7041785123666599936\" data-attribute-index=\"6\">#construction<\/a><\/p><\/div>\n","protected":false},"excerpt":{"rendered":"<p>La division du mus\u00e9e Bawer est toujours le protagoniste. Prot\u00e9ger la vaste collection d\u2019objets qui racontent l\u2019histoire d\u2019une ville portuaire et sa relation avec la mer tout en assurant leur s\u00e9curit\u00e9 sera l\u2019une des t\u00e2ches les plus d\u00e9licates \u00e0 accomplir. L&rsquo;exposition sera compos\u00e9e de caisses en bois de diff\u00e9rents types (avec des cloches en verre, [&hellip;]<\/p>\n","protected":false},"author":3,"featured_media":34738,"comment_status":"closed","ping_status":"closed","sticky":false,"template":"","format":"standard","meta":{"_acf_changed":false,"inline_featured_image":false,"footnotes":""},"categories":[134],"tags":[],"class_list":["post-30502","post","type-post","status-publish","format-standard","has-post-thumbnail","hentry","category-musee"],"acf":[],"yoast_head":"<!-- This site is optimized with the Yoast SEO plugin v27.0 - https:\/\/yoast.com\/product\/yoast-seo-wordpress\/ -->\n<title>Nouvelle exposition : Mus\u00e9e maritime de Trieste &#8212; Bawer<\/title>\n<meta name=\"robots\" content=\"index, follow, max-snippet:-1, max-image-preview:large, max-video-preview:-1\" \/>\n<link rel=\"canonical\" href=\"https:\/\/www.bawer.it\/nouvelle-exposition-musee-maritime-de-trieste\/\" \/>\n<meta property=\"og:locale\" content=\"fr_FR\" \/>\n<meta property=\"og:type\" content=\"article\" \/>\n<meta property=\"og:title\" content=\"Nouvelle exposition : Mus\u00e9e maritime de Trieste &#8212; Bawer\" \/>\n<meta property=\"og:description\" content=\"La division du mus\u00e9e Bawer est toujours le protagoniste. Prot\u00e9ger la vaste collection d\u2019objets qui racontent l\u2019histoire d\u2019une ville portuaire et sa relation avec la mer tout en assurant leur s\u00e9curit\u00e9 sera l\u2019une des t\u00e2ches les plus d\u00e9licates \u00e0 accomplir. L&rsquo;exposition sera compos\u00e9e de caisses en bois de diff\u00e9rents types (avec des cloches en verre, [&hellip;]\" \/>\n<meta property=\"og:url\" content=\"https:\/\/www.bawer.it\/nouvelle-exposition-musee-maritime-de-trieste\/\" \/>\n<meta property=\"og:site_name\" content=\"Bawer\" \/>\n<meta property=\"article:publisher\" content=\"https:\/\/www.facebook.com\/Bawerspa1\" \/>\n<meta property=\"article:published_time\" content=\"2023-03-27T09:49:01+00:00\" \/>\n<meta property=\"og:image\" content=\"https:\/\/bawer-static-wp.s3.eu-west-1.amazonaws.com\/wp-content\/uploads\/2025\/09\/22172724\/bawer-social.jpg\" \/>\n\t<meta property=\"og:image:width\" content=\"1200\" \/>\n\t<meta property=\"og:image:height\" content=\"627\" \/>\n\t<meta property=\"og:image:type\" content=\"image\/jpeg\" \/>\n<meta name=\"author\" content=\"bawer\" \/>\n<meta name=\"twitter:card\" content=\"summary_large_image\" \/>\n<meta name=\"twitter:label1\" content=\"\u00c9crit par\" \/>\n\t<meta name=\"twitter:data1\" content=\"bawer\" \/>\n\t<meta name=\"twitter:label2\" content=\"Dur\u00e9e de lecture estim\u00e9e\" \/>\n\t<meta name=\"twitter:data2\" content=\"1 minute\" \/>\n<script type=\"application\/ld+json\" class=\"yoast-schema-graph\">{\"@context\":\"https:\/\/schema.org\",\"@graph\":[{\"@type\":\"Article\",\"@id\":\"https:\/\/www.bawer.it\/nouvelle-exposition-musee-maritime-de-trieste\/#article\",\"isPartOf\":{\"@id\":\"https:\/\/www.bawer.it\/nouvelle-exposition-musee-maritime-de-trieste\/\"},\"author\":{\"name\":\"bawer\",\"@id\":\"https:\/\/www.bawer.it\/#\/schema\/person\/8098359ad3f3d974726cb95dfbdcd7d2\"},\"headline\":\"Nouvelle exposition : Mus\u00e9e maritime de Trieste\",\"datePublished\":\"2023-03-27T09:49:01+00:00\",\"mainEntityOfPage\":{\"@id\":\"https:\/\/www.bawer.it\/nouvelle-exposition-musee-maritime-de-trieste\/\"},\"wordCount\":163,\"publisher\":{\"@id\":\"https:\/\/www.bawer.it\/#organization\"},\"image\":{\"@id\":\"https:\/\/www.bawer.it\/nouvelle-exposition-musee-maritime-de-trieste\/#primaryimage\"},\"thumbnailUrl\":\"https:\/\/www.bawer.it\/wp-content\/uploads\/2023\/03\/web_01-e1713368178648.png\",\"articleSection\":[\"Mus\u00e9e\"],\"inLanguage\":\"fr-FR\"},{\"@type\":\"WebPage\",\"@id\":\"https:\/\/www.bawer.it\/nouvelle-exposition-musee-maritime-de-trieste\/\",\"url\":\"https:\/\/www.bawer.it\/nouvelle-exposition-musee-maritime-de-trieste\/\",\"name\":\"Nouvelle exposition : Mus\u00e9e maritime de Trieste &#8212; Bawer\",\"isPartOf\":{\"@id\":\"https:\/\/www.bawer.it\/#website\"},\"primaryImageOfPage\":{\"@id\":\"https:\/\/www.bawer.it\/nouvelle-exposition-musee-maritime-de-trieste\/#primaryimage\"},\"image\":{\"@id\":\"https:\/\/www.bawer.it\/nouvelle-exposition-musee-maritime-de-trieste\/#primaryimage\"},\"thumbnailUrl\":\"https:\/\/www.bawer.it\/wp-content\/uploads\/2023\/03\/web_01-e1713368178648.png\",\"datePublished\":\"2023-03-27T09:49:01+00:00\",\"breadcrumb\":{\"@id\":\"https:\/\/www.bawer.it\/nouvelle-exposition-musee-maritime-de-trieste\/#breadcrumb\"},\"inLanguage\":\"fr-FR\",\"potentialAction\":[{\"@type\":\"ReadAction\",\"target\":[\"https:\/\/www.bawer.it\/nouvelle-exposition-musee-maritime-de-trieste\/\"]}]},{\"@type\":\"ImageObject\",\"inLanguage\":\"fr-FR\",\"@id\":\"https:\/\/www.bawer.it\/nouvelle-exposition-musee-maritime-de-trieste\/#primaryimage\",\"url\":\"https:\/\/www.bawer.it\/wp-content\/uploads\/2023\/03\/web_01-e1713368178648.png\",\"contentUrl\":\"https:\/\/www.bawer.it\/wp-content\/uploads\/2023\/03\/web_01-e1713368178648.png\",\"width\":600,\"height\":507},{\"@type\":\"BreadcrumbList\",\"@id\":\"https:\/\/www.bawer.it\/nouvelle-exposition-musee-maritime-de-trieste\/#breadcrumb\",\"itemListElement\":[{\"@type\":\"ListItem\",\"position\":1,\"name\":\"Home\",\"item\":\"https:\/\/www.bawer.it\/fr\/\"},{\"@type\":\"ListItem\",\"position\":2,\"name\":\"Nouvelle exposition : Mus\u00e9e maritime de Trieste\"}]},{\"@type\":\"WebSite\",\"@id\":\"https:\/\/www.bawer.it\/#website\",\"url\":\"https:\/\/www.bawer.it\/\",\"name\":\"Bawer\",\"description\":\"Con\u00e7oit et fabrique des produits pour les industries automobile, m\u00e9dicale et mus\u00e9ale.\",\"publisher\":{\"@id\":\"https:\/\/www.bawer.it\/#organization\"},\"potentialAction\":[{\"@type\":\"SearchAction\",\"target\":{\"@type\":\"EntryPoint\",\"urlTemplate\":\"https:\/\/www.bawer.it\/?s={search_term_string}\"},\"query-input\":{\"@type\":\"PropertyValueSpecification\",\"valueRequired\":true,\"valueName\":\"search_term_string\"}}],\"inLanguage\":\"fr-FR\"},{\"@type\":\"Organization\",\"@id\":\"https:\/\/www.bawer.it\/#organization\",\"name\":\"Bawer\",\"url\":\"https:\/\/www.bawer.it\/\",\"logo\":{\"@type\":\"ImageObject\",\"inLanguage\":\"fr-FR\",\"@id\":\"https:\/\/www.bawer.it\/#\/schema\/logo\/image\/\",\"url\":\"https:\/\/www.bawer.it\/wp-content\/uploads\/2025\/07\/bw-scaled.jpg\",\"contentUrl\":\"https:\/\/www.bawer.it\/wp-content\/uploads\/2025\/07\/bw-scaled.jpg\",\"width\":2560,\"height\":1344,\"caption\":\"Bawer\"},\"image\":{\"@id\":\"https:\/\/www.bawer.it\/#\/schema\/logo\/image\/\"},\"sameAs\":[\"https:\/\/www.facebook.com\/Bawerspa1\",\"https:\/\/linkedin.com\/company\/bawer-s.p.a.\",\"https:\/\/www.youtube.com\/channel\/UCpKl8FsDknpPLOWyf3hA0IA\",\"https:\/\/www.instagram.com\/bawer_spa\/\"]},{\"@type\":\"Person\",\"@id\":\"https:\/\/www.bawer.it\/#\/schema\/person\/8098359ad3f3d974726cb95dfbdcd7d2\",\"name\":\"bawer\",\"image\":{\"@type\":\"ImageObject\",\"inLanguage\":\"fr-FR\",\"@id\":\"https:\/\/www.bawer.it\/#\/schema\/person\/image\/\",\"url\":\"https:\/\/secure.gravatar.com\/avatar\/2502928e376a5893da289554313161e4f4ae114a6d42c9df34e228ae704c464f?s=96&d=mm&r=g\",\"contentUrl\":\"https:\/\/secure.gravatar.com\/avatar\/2502928e376a5893da289554313161e4f4ae114a6d42c9df34e228ae704c464f?s=96&d=mm&r=g\",\"caption\":\"bawer\"}}]}<\/script>\n<!-- \/ Yoast SEO plugin. -->","yoast_head_json":{"title":"Nouvelle exposition : Mus\u00e9e maritime de Trieste &#8212; Bawer","robots":{"index":"index","follow":"follow","max-snippet":"max-snippet:-1","max-image-preview":"max-image-preview:large","max-video-preview":"max-video-preview:-1"},"canonical":"https:\/\/www.bawer.it\/nouvelle-exposition-musee-maritime-de-trieste\/","og_locale":"fr_FR","og_type":"article","og_title":"Nouvelle exposition : Mus\u00e9e maritime de Trieste &#8212; Bawer","og_description":"La division du mus\u00e9e Bawer est toujours le protagoniste. Prot\u00e9ger la vaste collection d\u2019objets qui racontent l\u2019histoire d\u2019une ville portuaire et sa relation avec la mer tout en assurant leur s\u00e9curit\u00e9 sera l\u2019une des t\u00e2ches les plus d\u00e9licates \u00e0 accomplir. L&rsquo;exposition sera compos\u00e9e de caisses en bois de diff\u00e9rents types (avec des cloches en verre, [&hellip;]","og_url":"https:\/\/www.bawer.it\/nouvelle-exposition-musee-maritime-de-trieste\/","og_site_name":"Bawer","article_publisher":"https:\/\/www.facebook.com\/Bawerspa1","article_published_time":"2023-03-27T09:49:01+00:00","og_image":[{"width":1200,"height":627,"url":"https:\/\/bawer-static-wp.s3.eu-west-1.amazonaws.com\/wp-content\/uploads\/2025\/09\/22172724\/bawer-social.jpg","type":"image\/jpeg"}],"author":"bawer","twitter_card":"summary_large_image","twitter_misc":{"\u00c9crit par":"bawer","Dur\u00e9e de lecture estim\u00e9e":"1 minute"},"schema":{"@context":"https:\/\/schema.org","@graph":[{"@type":"Article","@id":"https:\/\/www.bawer.it\/nouvelle-exposition-musee-maritime-de-trieste\/#article","isPartOf":{"@id":"https:\/\/www.bawer.it\/nouvelle-exposition-musee-maritime-de-trieste\/"},"author":{"name":"bawer","@id":"https:\/\/www.bawer.it\/#\/schema\/person\/8098359ad3f3d974726cb95dfbdcd7d2"},"headline":"Nouvelle exposition : Mus\u00e9e maritime de Trieste","datePublished":"2023-03-27T09:49:01+00:00","mainEntityOfPage":{"@id":"https:\/\/www.bawer.it\/nouvelle-exposition-musee-maritime-de-trieste\/"},"wordCount":163,"publisher":{"@id":"https:\/\/www.bawer.it\/#organization"},"image":{"@id":"https:\/\/www.bawer.it\/nouvelle-exposition-musee-maritime-de-trieste\/#primaryimage"},"thumbnailUrl":"https:\/\/www.bawer.it\/wp-content\/uploads\/2023\/03\/web_01-e1713368178648.png","articleSection":["Mus\u00e9e"],"inLanguage":"fr-FR"},{"@type":"WebPage","@id":"https:\/\/www.bawer.it\/nouvelle-exposition-musee-maritime-de-trieste\/","url":"https:\/\/www.bawer.it\/nouvelle-exposition-musee-maritime-de-trieste\/","name":"Nouvelle exposition : Mus\u00e9e maritime de Trieste &#8212; Bawer","isPartOf":{"@id":"https:\/\/www.bawer.it\/#website"},"primaryImageOfPage":{"@id":"https:\/\/www.bawer.it\/nouvelle-exposition-musee-maritime-de-trieste\/#primaryimage"},"image":{"@id":"https:\/\/www.bawer.it\/nouvelle-exposition-musee-maritime-de-trieste\/#primaryimage"},"thumbnailUrl":"https:\/\/www.bawer.it\/wp-content\/uploads\/2023\/03\/web_01-e1713368178648.png","datePublished":"2023-03-27T09:49:01+00:00","breadcrumb":{"@id":"https:\/\/www.bawer.it\/nouvelle-exposition-musee-maritime-de-trieste\/#breadcrumb"},"inLanguage":"fr-FR","potentialAction":[{"@type":"ReadAction","target":["https:\/\/www.bawer.it\/nouvelle-exposition-musee-maritime-de-trieste\/"]}]},{"@type":"ImageObject","inLanguage":"fr-FR","@id":"https:\/\/www.bawer.it\/nouvelle-exposition-musee-maritime-de-trieste\/#primaryimage","url":"https:\/\/www.bawer.it\/wp-content\/uploads\/2023\/03\/web_01-e1713368178648.png","contentUrl":"https:\/\/www.bawer.it\/wp-content\/uploads\/2023\/03\/web_01-e1713368178648.png","width":600,"height":507},{"@type":"BreadcrumbList","@id":"https:\/\/www.bawer.it\/nouvelle-exposition-musee-maritime-de-trieste\/#breadcrumb","itemListElement":[{"@type":"ListItem","position":1,"name":"Home","item":"https:\/\/www.bawer.it\/fr\/"},{"@type":"ListItem","position":2,"name":"Nouvelle exposition : Mus\u00e9e maritime de Trieste"}]},{"@type":"WebSite","@id":"https:\/\/www.bawer.it\/#website","url":"https:\/\/www.bawer.it\/","name":"Bawer","description":"Con\u00e7oit et fabrique des produits pour les industries automobile, m\u00e9dicale et mus\u00e9ale.","publisher":{"@id":"https:\/\/www.bawer.it\/#organization"},"potentialAction":[{"@type":"SearchAction","target":{"@type":"EntryPoint","urlTemplate":"https:\/\/www.bawer.it\/?s={search_term_string}"},"query-input":{"@type":"PropertyValueSpecification","valueRequired":true,"valueName":"search_term_string"}}],"inLanguage":"fr-FR"},{"@type":"Organization","@id":"https:\/\/www.bawer.it\/#organization","name":"Bawer","url":"https:\/\/www.bawer.it\/","logo":{"@type":"ImageObject","inLanguage":"fr-FR","@id":"https:\/\/www.bawer.it\/#\/schema\/logo\/image\/","url":"https:\/\/www.bawer.it\/wp-content\/uploads\/2025\/07\/bw-scaled.jpg","contentUrl":"https:\/\/www.bawer.it\/wp-content\/uploads\/2025\/07\/bw-scaled.jpg","width":2560,"height":1344,"caption":"Bawer"},"image":{"@id":"https:\/\/www.bawer.it\/#\/schema\/logo\/image\/"},"sameAs":["https:\/\/www.facebook.com\/Bawerspa1","https:\/\/linkedin.com\/company\/bawer-s.p.a.","https:\/\/www.youtube.com\/channel\/UCpKl8FsDknpPLOWyf3hA0IA","https:\/\/www.instagram.com\/bawer_spa\/"]},{"@type":"Person","@id":"https:\/\/www.bawer.it\/#\/schema\/person\/8098359ad3f3d974726cb95dfbdcd7d2","name":"bawer","image":{"@type":"ImageObject","inLanguage":"fr-FR","@id":"https:\/\/www.bawer.it\/#\/schema\/person\/image\/","url":"https:\/\/secure.gravatar.com\/avatar\/2502928e376a5893da289554313161e4f4ae114a6d42c9df34e228ae704c464f?s=96&d=mm&r=g","contentUrl":"https:\/\/secure.gravatar.com\/avatar\/2502928e376a5893da289554313161e4f4ae114a6d42c9df34e228ae704c464f?s=96&d=mm&r=g","caption":"bawer"}}]}},"_links":{"self":[{"href":"https:\/\/www.bawer.it\/fr\/wp-json\/wp\/v2\/posts\/30502","targetHints":{"allow":["GET"]}}],"collection":[{"href":"https:\/\/www.bawer.it\/fr\/wp-json\/wp\/v2\/posts"}],"about":[{"href":"https:\/\/www.bawer.it\/fr\/wp-json\/wp\/v2\/types\/post"}],"author":[{"embeddable":true,"href":"https:\/\/www.bawer.it\/fr\/wp-json\/wp\/v2\/users\/3"}],"replies":[{"embeddable":true,"href":"https:\/\/www.bawer.it\/fr\/wp-json\/wp\/v2\/comments?post=30502"}],"version-history":[{"count":0,"href":"https:\/\/www.bawer.it\/fr\/wp-json\/wp\/v2\/posts\/30502\/revisions"}],"wp:featuredmedia":[{"embeddable":true,"href":"https:\/\/www.bawer.it\/fr\/wp-json\/wp\/v2\/media\/34738"}],"wp:attachment":[{"href":"https:\/\/www.bawer.it\/fr\/wp-json\/wp\/v2\/media?parent=30502"}],"wp:term":[{"taxonomy":"category","embeddable":true,"href":"https:\/\/www.bawer.it\/fr\/wp-json\/wp\/v2\/categories?post=30502"},{"taxonomy":"post_tag","embeddable":true,"href":"https:\/\/www.bawer.it\/fr\/wp-json\/wp\/v2\/tags?post=30502"}],"curies":[{"name":"wp","href":"https:\/\/api.w.org\/{rel}","templated":true}]}}